{"id":1310,"date":"2018-12-28T12:19:22","date_gmt":"2018-12-28T12:19:22","guid":{"rendered":"https:\/\/tsa-lahngold.de\/?p=1310"},"modified":"2018-12-29T08:30:58","modified_gmt":"2018-12-29T08:30:58","slug":"wir-feierten-25-jaehriges-bestehen-mit-prominenten-gaesten","status":"publish","type":"post","link":"https:\/\/tsa-lahngold.de\/?p=1310","title":{"rendered":"Wir feierten 25 j\u00e4hriges Bestehen mit prominenten G\u00e4sten"},"content":{"rendered":"\n<p>Am 29.06.1993 wurde unsere Tanzsportabteilung Lahngold, also vor 25 Jahren, in der Lahnblickhalle in Altendiez gegr\u00fcndet. Dies wollten wir in einer kleinen Feierstunde w\u00fcrdigen.<\/p>\n\n\n\n<p>Neben zahlreichen geladenen Gr\u00fcndungsmitgliedern\nbereicherten auch zwei prominente G\u00e4ste die Veranstaltung.<\/p>\n\n\n\n<p>Zun\u00e4chst begr\u00fc\u00dfte der Abteilungsleiter\nHubert Lehmann die zahlreich erschienenen G\u00e4ste sowie die Eltern der\nKindertanzgruppen.<\/p>\n\n\n\n<p>Der Landrat, &nbsp;Herr Frank Puchtler, der schon \u00f6fters Gast bei\nder TSA Lahngold war, lie\u00df es sich nicht nehmen, ein paar Gru\u00dfworte zu\nsprechen. Besonders freute er sich \u00fcber den gro\u00dfen Nachwuchsbereich mit derzeit\nfast 40 aktiven Kindern und Jugendlichen.<\/p>\n\n\n\n<p>Die TSA Lahngold bedankt &nbsp;sich f\u00fcr seine Anwesenheit und &nbsp;f\u00fcr den \u00fcberbrachten Scheck.<\/p>\n\n\n\n<p>Im Folgenden zeigten T\u00e4nzer und T\u00e4nzerinnen aus den Sparten Zumba\u00ae, Kindertanzen und den Freizeit\/Breitensporttanzgruppen ihr K\u00f6nnen auf dem Parkett.<\/p>\n\n\n\n<p>Weitere H\u00f6hepunkte waren eine perfekte Discofox-Vorf\u00fchrung, wobei Herr Gerald die beiden Damen Bettina und Karin gleichzeitig schwung- und gef\u00fchlvoll \u00fcber die Tanzfl\u00e4che zu f\u00fchren wusste, gefolgt von einer feurigen Darbietung eines Paso Doble durch das Paar Kerstin und Gido.<\/p>\n\n\n\n<p>Der Vizepr\u00e4sident des Tanzsportverbandes Rheinland-Pfalz, Herr Bernd Andres, seiner Zeit Gr\u00fcnder der TSA Lahngold, \u00fcberbrachte Gru\u00dfworte des Pr\u00e4sidenten des Landestanzverbandes und w\u00fcrdigte mit einer Urkunde und einem Scheck die in 25 Jahren geleistete Arbeit.<\/p>\n\n\n\n<p>Das wurde besonders deutlich, dass 27\nKinder und Jugendliche das sogenannte \u201eTanzsternchen\u201c und das Deutsche\nTanzsportabzeichen in Bronze aus den H\u00e4nden des Abteilungsleiters verliehen\nbekamen. Au\u00dferdem konnte 21 Erwachsene das Deutsche Tanzsportabzeichen in Gold verliehen\nwerden.<\/p>\n\n\n\n<p>Nachdem Enya Elsesser, die \u00dcbungsleiterin der Kindertanzgruppen, ein kleines Dankesch\u00f6n und alle Vereinsmitglieder ebenfalls ein kleines Pr\u00e4sent erhalten hatten, kam dann auch der lang herbei gesehnte Nikolaus und beschenkte die anwesenden Tanzkinder.<\/p>\n\n\n\n<p>Zum Ausklang des Jubil\u00e4umstages folgte\nein Besuch des Diezer Weihnachtsmarktes mit einem anschlie\u00dfenden gem\u00fctlichen Beisammensein.<\/p>\n\n\n\n<figure class=\"wp-block-image is-resized\"><img loading=\"lazy\" decoding=\"async\" src=\"https:\/\/tsa-lahngold.de\/wp-content\/uploads\/2018\/12\/IMG_7714--600x400.jpg\" alt=\"\" class=\"wp-image-1311\" width=\"450\" height=\"300\" srcset=\"https:\/\/tsa-lahngold.de\/wp-content\/uploads\/2018\/12\/IMG_7714--600x400.jpg 600w, https:\/\/tsa-lahngold.de\/wp-content\/uploads\/2018\/12\/IMG_7714--768x512.jpg 768w, https:\/\/tsa-lahngold.de\/wp-content\/uploads\/2018\/12\/IMG_7714--1024x683.jpg 1024w\" sizes=\"auto, (max-width: 450px) 100vw, 450px\" \/><figcaption><br><strong> Landrat Frank Puchtler und der Abteilungsleiter der TSA Lahngold Hubert Lehmann, im Hintergrund die Jubil\u00e4umsg\u00e4ste<br> <\/strong><\/figcaption><\/figure>\n\n\n\n<figure class=\"wp-block-image is-resized\"><img loading=\"lazy\" decoding=\"async\" src=\"https:\/\/tsa-lahngold.de\/wp-content\/uploads\/2018\/12\/IMG_7863-2-600x500.jpg\" alt=\"\" class=\"wp-image-1314\" width=\"450\" height=\"375\" srcset=\"https:\/\/tsa-lahngold.de\/wp-content\/uploads\/2018\/12\/IMG_7863-2-600x500.jpg 600w, https:\/\/tsa-lahngold.de\/wp-content\/uploads\/2018\/12\/IMG_7863-2-768x640.jpg 768w, https:\/\/tsa-lahngold.de\/wp-content\/uploads\/2018\/12\/IMG_7863-2-1024x854.jpg 1024w\" sizes=\"auto, (max-width: 450px) 100vw, 450px\" \/><figcaption><strong>Minis mit verliehen Tanzsternchen<\/strong><\/figcaption><\/figure>\n\n\n\n<figure class=\"wp-block-image\"><img loading=\"lazy\" decoding=\"async\" width=\"600\" height=\"399\" src=\"https:\/\/tsa-lahngold.de\/wp-content\/uploads\/2018\/12\/IMG_7762-2-600x399.jpg\" alt=\"\" class=\"wp-image-1315\" srcset=\"https:\/\/tsa-lahngold.de\/wp-content\/uploads\/2018\/12\/IMG_7762-2-600x399.jpg 600w, https:\/\/tsa-lahngold.de\/wp-content\/uploads\/2018\/12\/IMG_7762-2-768x511.jpg 768w, https:\/\/tsa-lahngold.de\/wp-content\/uploads\/2018\/12\/IMG_7762-2-1024x682.jpg 1024w\" sizes=\"auto, (max-width: 600px) 100vw, 600px\" \/><figcaption><strong>Zumba<\/strong><\/figcaption><\/figure>\n\n\n\n<figure class=\"wp-block-image is-resized\"><img loading=\"lazy\" decoding=\"async\" src=\"https:\/\/tsa-lahngold.de\/wp-content\/uploads\/2018\/12\/IMG_8022-2-561x600.jpg\" alt=\"\" class=\"wp-image-1317\" width=\"421\" height=\"450\" srcset=\"https:\/\/tsa-lahngold.de\/wp-content\/uploads\/2018\/12\/IMG_8022-2-561x600.jpg 561w, https:\/\/tsa-lahngold.de\/wp-content\/uploads\/2018\/12\/IMG_8022-2-768x821.jpg 768w, https:\/\/tsa-lahngold.de\/wp-content\/uploads\/2018\/12\/IMG_8022-2-958x1024.jpg 958w\" sizes=\"auto, (max-width: 421px) 100vw, 421px\" \/><figcaption><strong>Vizepr\u00e4sident TRP und Abteilungsleiter TSA Lahngold<\/strong><\/figcaption><\/figure>\n","protected":false},"excerpt":{"rendered":"<p>Am 29.06.1993 wurde unsere Tanzsportabteilung Lahngold, also vor 25 Jahren, in der Lahnblickhalle in Altendiez gegr\u00fcndet. Dies wollten wir in einer kleinen Feierstunde w\u00fcrdigen. Neben zahlreichen geladenen Gr\u00fcndungsmitgliedern bereicherten auch zwei prominente G\u00e4ste die Veranstaltung. Zun\u00e4chst begr\u00fc\u00dfte der Abteilungsleiter Hubert Lehmann die zahlreich erschienenen G\u00e4ste sowie die Eltern der Kindertanzgruppen. Der Landrat, &nbsp;Herr Frank Puchtler, &hellip; <\/p>\n<p class=\"link-more\"><a href=\"https:\/\/tsa-lahngold.de\/?p=1310\" class=\"more-link\"><span class=\"screen-reader-text\">\u201eWir feierten 25 j\u00e4hriges Bestehen mit prominenten G\u00e4sten\u201c <\/span>weiterlesen<\/a><\/p>\n","protected":false},"author":2,"featured_media":0,"comment_status":"open","ping_status":"closed","sticky":false,"template":"","format":"standard","meta":{"footnotes":""},"categories":[11],"tags":[],"class_list":["post-1310","post","type-post","status-publish","format-standard","hentry","category-verein"],"_links":{"self":[{"href":"https:\/\/tsa-lahngold.de\/index.php?rest_route=\/wp\/v2\/posts\/1310","targetHints":{"allow":["GET"]}}],"collection":[{"href":"https:\/\/tsa-lahngold.de\/index.php?rest_route=\/wp\/v2\/posts"}],"about":[{"href":"https:\/\/tsa-lahngold.de\/index.php?rest_route=\/wp\/v2\/types\/post"}],"author":[{"embeddable":true,"href":"https:\/\/tsa-lahngold.de\/index.php?rest_route=\/wp\/v2\/users\/2"}],"replies":[{"embeddable":true,"href":"https:\/\/tsa-lahngold.de\/index.php?rest_route=%2Fwp%2Fv2%2Fcomments&post=1310"}],"version-history":[{"count":4,"href":"https:\/\/tsa-lahngold.de\/index.php?rest_route=\/wp\/v2\/posts\/1310\/revisions"}],"predecessor-version":[{"id":1321,"href":"https:\/\/tsa-lahngold.de\/index.php?rest_route=\/wp\/v2\/posts\/1310\/revisions\/1321"}],"wp:attachment":[{"href":"https:\/\/tsa-lahngold.de\/index.php?rest_route=%2Fwp%2Fv2%2Fmedia&parent=1310"}],"wp:term":[{"taxonomy":"category","embeddable":true,"href":"https:\/\/tsa-lahngold.de\/index.php?rest_route=%2Fwp%2Fv2%2Fcategories&post=1310"},{"taxonomy":"post_tag","embeddable":true,"href":"https:\/\/tsa-lahngold.de\/index.php?rest_route=%2Fwp%2Fv2%2Ftags&post=1310"}],"curies":[{"name":"wp","href":"https:\/\/api.w.org\/{rel}","templated":true}]}}